{"id":1406,"date":"2021-02-15T15:14:00","date_gmt":"2021-02-15T14:14:00","guid":{"rendered":"https:\/\/www.oeda.eu\/?p=1406"},"modified":"2021-08-06T07:11:00","modified_gmt":"2021-08-06T05:11:00","slug":"die-engel-der-taurinense","status":"publish","type":"post","link":"https:\/\/www.oeda.eu\/en\/2021\/02\/15\/die-engel-der-taurinense\/","title":{"rendered":"Die Engel der \u201eTaurinense\u201c"},"content":{"rendered":"<p class=\"has-theme-palette-2-color has-text-color\" style=\"font-size:18px\">Ein Bericht der italienischen Zeitung \u201eMezzo Stampa\u201c \u2013 www.mezzostampa.it<\/p>\n\n\n\n<p><\/p>\n\n\n\n<div class=\"wp-block-getwid-images-slider has-arrows-inside has-dots-inside has-images-center\"><div class=\"wp-block-getwid-images-slider__wrapper\" data-effect=\"slide\" data-slides-show=\"1\" data-slides-show-laptop=\"1\" data-slides-show-tablet=\"1\" data-slides-show-mobile=\"1\" data-slides-scroll=\"1\" data-autoplay=\"false\" data-autoplay-speed=\"6000\" data-infinite=\"true\" data-animation-speed=\"800\" data-center-mode=\"false\" data-variable-width=\"false\" data-arrows=\"inside\" data-dots=\"inside\" data-spacing=\"none\"><div class=\"wp-block-getwid-images-slider__item\"><figure><img decoding=\"async\" width=\"576\" height=\"433\" src=\"https:\/\/www.oeda.eu\/wp-content\/uploads\/2021\/05\/mezzostampa_01.jpg\" alt=\"\" data-id=\"1410\" data-link=\"https:\/\/www.oeda.eu\/2021\/05\/27\/die-engel-der-taurinense\/mezzostampa_01\/\" data-original-link=\"https:\/\/www.oeda.eu\/wp-content\/uploads\/2021\/05\/mezzostampa_01.jpg\" class=\"wp-block-getwid-images-slider__image wp-image-1410\" srcset=\"https:\/\/www.oeda.eu\/wp-content\/uploads\/2021\/05\/mezzostampa_01.jpg 576w, https:\/\/www.oeda.eu\/wp-content\/uploads\/2021\/05\/mezzostampa_01-300x226.jpg 300w, https:\/\/www.oeda.eu\/wp-content\/uploads\/2021\/05\/mezzostampa_01-16x12.jpg 16w\" sizes=\"(max-width: 576px) 100vw, 576px\" \/><figcaption class=\"wp-block-getwid-images-slider__caption\">\u00a9mezzostampa.it<\/figcaption><\/figure><\/div><div class=\"wp-block-getwid-images-slider__item\"><figure><img decoding=\"async\" width=\"591\" height=\"422\" src=\"https:\/\/www.oeda.eu\/wp-content\/uploads\/2021\/05\/mezzostampa_02.jpg\" alt=\"\" data-id=\"1411\" data-link=\"https:\/\/www.oeda.eu\/2021\/05\/27\/die-engel-der-taurinense\/mezzostampa_02\/\" data-original-link=\"https:\/\/www.oeda.eu\/wp-content\/uploads\/2021\/05\/mezzostampa_02.jpg\" class=\"wp-block-getwid-images-slider__image wp-image-1411\" srcset=\"https:\/\/www.oeda.eu\/wp-content\/uploads\/2021\/05\/mezzostampa_02.jpg 591w, https:\/\/www.oeda.eu\/wp-content\/uploads\/2021\/05\/mezzostampa_02-300x214.jpg 300w, https:\/\/www.oeda.eu\/wp-content\/uploads\/2021\/05\/mezzostampa_02-16x12.jpg 16w\" sizes=\"(max-width: 591px) 100vw, 591px\" \/><figcaption class=\"wp-block-getwid-images-slider__caption\">\u00a9mezzostampa.it<\/figcaption><\/figure><\/div><\/div><\/div>\n\n\n\n<div class=\"wp-block-ugb-accordion ugb-accordion ugb-b150915 ugb-accordion--v2 ugb-accordion--design-plain ugb-main-block\" aria-expanded=\"false\"><style>.ugb-b150915 .ugb-accordion__title{font-size:18px !important}.ugb-b150915 .ugb-accordion__arrow{fill:var(--global-palette2,#015fa0)}<\/style><div class=\"ugb-inner-block\"><div class=\"ugb-block-content\"><div class=\"ugb-accordion__item\"><div class=\"ugb-accordion__heading\" role=\"button\" tabindex=\"0\"><h2 class=\"ugb-accordion__title\">Gli Angeli della \u201eTaurinense\u201d a supporto della popolazione libanese  <\/h2><svg viewbox=\"0 0 20 20\" xmlns=\"http:\/\/www.w3.org\/2000\/svg\" class=\"ugb-accordion__arrow\" width=\"20\" height=\"20\"><path d=\"M16.7 3.3L10 10 3.3 3.4 0 6.7l10 10v-.1l10-9.9z\"><\/path><\/svg><\/div><div class=\"ugb-accordion__content\" role=\"region\"><div class=\"ugb-accordion__content-inner\">\n<p>Si \u00e8 svolta nei giorni scorsi la donazione di materiali per l\u2019infanzia a supporto del Social Development Center di Ayta Ash Sha\u2019b, nell&#8217;ambito della campagna <strong>\u201cTogether Against Covid\u201d<\/strong> portata avanti dai peacekeepers del Sector West di Unifil.&nbsp;<br>I materiali, veicolati nel sud del Libano dal Reggimento Logistico \u201cTaurinense\u201d, hanno consentito di incrementare le azioni di supporto che il contingente italiano della Missione UNIFIL sta sviluppando a favore della popolazione. I caschi blu italiani della Brigata Alpina \u201cTaurinense\u201d, nel&nbsp;corso della donazione hanno voluto evidenziare, per il tramite del Colonnello Giulio Arseni, l&#8217;importanza di uno sforzo congiunto per contrastare insieme la pandemia che sta profondamente colpendo il Libano.&nbsp;<br>Il Comandante del Reggimento Logistico, rivolgendosi al Sindaco, Mr. Khalil Srour, e alla Dottoressa Siam Droubi Direttrice del Centro, ha inoltre ricordato <strong>\u201ccome il legame tra Italia e Libano sia una realt\u00e0 indissolubile che deve tendere a costruire sempre nuove opportunit\u00e0&nbsp;di supporto, specialmente in un momento in cui la crisi economica nel Paese dei Cedri sta fortemente condizionando le condizioni di vita della popolazione\u201d.<\/strong><br><strong>\u201cPoter aiutare in prima persona la popolazione di questo territorio, colpito da diverse difficolt\u00e0, ci riempie di orgoglio ed entusiasmo\u201d<\/strong> sono state le parole del Colonnello Giulio Arseni. La vicinanza tra il popolo italiano e quello libanese e gli sforzi dell\u2019Esercito continuano&nbsp;dunque nella terra dei cedri.&nbsp;<br>La donazione di materiale di prima infanzia al centro sociale della citt\u00e0 di Ayta ash Sha b rientra nel trattato 1701 delle Nazioni unite ed \u00e8 uno dei motivi principali della presenza del \u201cTaurinense\u201d sul territorio libanese.&nbsp;<br>L\u2019Unifil, infatti, sotto la guida del Generale italiano Stefano Del Col, in cui opera il Sector West comandato dal Generale Davide Scalabrin, ha gi\u00e0 nei mesi scorsi messo in atto altre opere di sostegno nei confronti della popolazione. ll materiale per la prima infanzia \u00e8 stato raccolto ed&nbsp;acquistato grazie al progetto umanitario internazionale \u201cPonte della Solidariet\u00e0 Italia-Libano promosso dall\u2019Associazione Ampio Raggio che ha visto la partecipazione attiva del Coordinamento Operativo Nazionale Interforze Tutela Ambientale, Associazione Nazionale Autieri&nbsp;d\u2019Italia,Nastro Azzurro Sez.Cremona, l\u2019Associazione Cuore Uniti, Associazione Nazionale Autieri d\u2019Italia Sez.Bolzano, Poste di Sant\u2019Antonio Abate, \u00d6sterreichisch-Deutsche Akademie, sede UIL di Scafati, Copagri Salerno e del III Circolo Didattico di Scafati.&nbsp;<br>Dalla redazione e dall\u2019Italia un caloroso e sentito ringraziamento al prestigioso Reggimento Logistico \u201cTaurinense\u201d ed a tutti i militari italiani stanziati nella Terra dei Cedri, che con la loro continua e operante presenza ricordano a noi tutti la bellezza della cooperazione e della&nbsp;solidariet\u00e0 tra i popoli.<\/p>\n<\/div><\/div><\/div><\/div><\/div><\/div>\n\n\n\n<div class=\"wp-block-ugb-accordion ugb-accordion ugb-cc40190 ugb-accordion--v2 ugb-accordion--design-plain ugb-main-block\" aria-expanded=\"false\"><style>.ugb-cc40190 .ugb-accordion__title{font-size:18px !important}.ugb-cc40190 .ugb-accordion__arrow{fill:var(--global-palette2,#015fa0)}<\/style><div class=\"ugb-inner-block\"><div class=\"ugb-block-content\"><div class=\"ugb-accordion__item\"><div class=\"ugb-accordion__heading\" role=\"button\" tabindex=\"0\"><h2 class=\"ugb-accordion__title\">Die Engel der \u201eTaurinense\u201c zur Unterst\u00fctzung der libanesischen Bev\u00f6lkerung  <\/h2><svg viewbox=\"0 0 20 20\" xmlns=\"http:\/\/www.w3.org\/2000\/svg\" class=\"ugb-accordion__arrow\" width=\"20\" height=\"20\"><path d=\"M16.7 3.3L10 10 3.3 3.4 0 6.7l10 10v-.1l10-9.9z\"><\/path><\/svg><\/div><div class=\"ugb-accordion__content\" role=\"region\"><div class=\"ugb-accordion__content-inner\">\n<p>Vor einigen Tagen fand die Spende von Materialien f\u00fcr Kinder zur Unterst\u00fctzung des Zentrums f\u00fcr soziale Entwicklung von Ayta Ash Sha&#8217;b im Rahmen der Kampagne <strong>\u201eGemeinsam gegen Covid\u201c<\/strong> statt, die von den Friedenstruppen des Sektors&nbsp;West von Unifil durchgef\u00fchrt wurde.<br>Die Materialien, die vom Logistikregiment \u201eTaurinense\u201c in den S\u00fcdlibanon transportiert wurden, haben es erm\u00f6glicht, die Unterst\u00fctzungsma\u00dfnahmen zu verst\u00e4rken, die das italienische Kontingent der UNIFIL-Mission zugunsten der&nbsp;Bev\u00f6lkerung entwickelt. W\u00e4hrend der Spende wollten die italienischen Blauhelme der Alpini-Brigade \u201eTaurinense\u201c durch Oberst Giulio Arseni die Bedeutung gemeinsamer Anstrengungen zur gemeinsamen Bek\u00e4mpfung der Pandemie, die den&nbsp;Libanon tief trifft, hervorheben.<br>Der Kommandeur des Logistikregiments, der sich an den B\u00fcrgermeister, Herrn Khalil Srour, und den Direktor des Zentrums, Dr. Siam Droubi, wandte, erinnerte auch daran, <strong>\u201ewie die Verbindung zwischen Italien und dem Libanon eine&nbsp;unaufl\u00f6sliche Realit\u00e4t ist, die immer danach streben muss, neue Unterst\u00fctzungsm\u00f6glichkeiten zu schaffen vor allem in einer Zeit, in der die Wirtschaftskrise im Land der Zedern die Lebensbedingungen der Bev\u00f6lkerung stark beeinflusst.\u201c<br>&#8222;Die M\u00f6glichkeit, der Bev\u00f6lkerung in dieser Region, die von verschiedenen Schwierigkeiten betroffen ist, pers\u00f6nlich zu helfen, erf\u00fcllt uns mit Stolz und Begeisterung&#8220;,<\/strong> so die Worte von Oberst Giulio Arseni. Die N\u00e4he zwischen dem&nbsp;italienischen und dem libanesischen Volk und die Bem\u00fchungen der Armee setzen sich daher im Land der Zedern fort.<br>Die Spende von fr\u00fchkindlichem Material an das soziale Zentrum der Stadt Ayta ash Sha b f\u00e4llt unter den Vertrag der Vereinten Nationen von 1701 und ist einer der Hauptgr\u00fcnde f\u00fcr die Pr\u00e4senz der \u201eTaurinense\u201c auf libanesischem Gebiet.<br>Tats\u00e4chlich hat Unifil unter der F\u00fchrung des italienischen Generals Stefano Del Col, in dem der von General Davide Scalabrin kommandierte Sektor West t\u00e4tig ist, in den letzten Monaten bereits weitere Unterst\u00fctzungsma\u00dfnahmen f\u00fcr die&nbsp;Bev\u00f6lkerung durchgef\u00fchrt. Das Material f\u00fcr die fr\u00fche Kindheit wurde dank des von der Ampio Raggio Association gef\u00f6rderten internationalen humanit\u00e4ren Projekts &#8222;Br\u00fccke der Solidarit\u00e4t Italien-Libanon&#8220; gesammelt und gekauft, an dem die&nbsp;Interforze Environmental Protection der Nationalen Vereinigung der Autiers Italiens, Nastro, aktiv teilnahm Azzurro-Sektion Cremona, Vereinigte Herz-Vereinigung, Nationale Vereinigung der Autiers Italiens Sektion Bozen, Poste di&nbsp;Sant&#8217;Antonio Abate, \u00d6sterreichisch-Deutsche Akademie, UIL-Hauptsitz in Scafati, Copagri Salerno und III Didaktischer Kreis der Scafati.<br>Von der Redaktion und aus Italien ein herzliches Dankesch\u00f6n an das renommierte Logistikregiment &#8222;Taurinense&#8220; und an alle im Land der Zedern stationierten italienischen Soldaten, die uns mit ihrer kontinuierlichen und aktiven Pr\u00e4senz an die&nbsp;Sch\u00f6nheit der Zusammenarbeit erinnern und Solidarit\u00e4t zwischen den V\u00f6lkern.<\/p>\n<\/div><\/div><\/div><\/div><\/div><\/div>\n\n\n\n<div class=\"wp-block-ugb-accordion ugb-accordion ugb-9936888 ugb-accordion--v2 ugb-accordion--design-plain ugb-main-block\" aria-expanded=\"false\"><style>.ugb-9936888 .ugb-accordion__title{font-size:18px !important}.ugb-9936888 .ugb-accordion__arrow{fill:var(--global-palette2,#015fa0)}<\/style><div class=\"ugb-inner-block\"><div class=\"ugb-block-content\"><div class=\"ugb-accordion__item\"><div class=\"ugb-accordion__heading\" role=\"button\" tabindex=\"0\"><h2 class=\"ugb-accordion__title\">The angels of the \u201eTaurinense\u201c in support of the lebanese population  <\/h2><svg viewbox=\"0 0 20 20\" xmlns=\"http:\/\/www.w3.org\/2000\/svg\" class=\"ugb-accordion__arrow\" width=\"20\" height=\"20\"><path d=\"M16.7 3.3L10 10 3.3 3.4 0 6.7l10 10v-.1l10-9.9z\"><\/path><\/svg><\/div><div class=\"ugb-accordion__content\" role=\"region\"><div class=\"ugb-accordion__content-inner\">\n<p>A few days ago, the donation of materials for children in support of Ayta Ash Sha\u2019b&#8217;s Social Development Center took place as part of the <strong>&#8222;Together Against Covid&#8220;<\/strong> campaign carried out by the peacekeepers of Unifil&#8217;s Sector West.<br>The materials, conveyed to southern Lebanon by the \u201cTaurinense\u201d Logistic Regiment, have made it possible to increase the support actions that the Italian contingent of the UNIFIL Mission is developing in favor of the population. During the&nbsp;donation, the Italian blue helmets of the \u201cTaurinense\u201d Alpine Brigade wanted to highlight, through Colonel Giulio Arseni, the importance of a joint effort to jointly counter the pandemic that is deeply affecting Lebanon.<br>The Commander of the Logistics Regiment, addressing the Mayor, Mr. Khalil Srour, and Dr. Siam Droubi Director of the Center, also recalled <strong>&#8222;how the link between Italy and Lebanon is an indissoluble reality that must always strive to build new&nbsp;opportunities for support, especially at a time when the economic crisis in the Land of the Cedars is strongly affecting the living conditions of the population\u201c.<br>\u201cBeing able to personally help the population of this area, hit by various difficulties, fills us with pride and enthusiasm\u201d<\/strong> were the words of Colonel Giulio Arseni. The closeness between the Italian and Lebanese people and the efforts of the Army&nbsp;therefore continue in the land of cedars.<br>The donation of early childhood material to the social center of the city of Ayta ash Sha b falls under the United Nations Treaty 1701 and is one of the main reasons for the presence of the \u201cTaurinense\u201d in Lebanese territory.<br>In fact, Unifil, under the leadership of the Italian General Stefano Del Col, in which the Sector West commanded by General Davide Scalabrin operates, has already implemented other support works for the population in recent months. The&nbsp;material for early childhood was collected and purchased thanks to the international humanitarian project &#8222;Bridge of Solidarity Italy-Lebanon promoted by the Ampio Raggio Association which saw the active participation of the National&nbsp;Operational Coordination Interforze Environmental Protection, National Association of Autiers of Italy, Nastro Azzurro Section Cremona, the United Heart Association, National Association of Autiers of Italy Section Bolzano, Poste di&nbsp;Sant&#8217;Antonio Abate, \u00d6sterreichisch-Deutsche Akademie, UIL headquarters in Scafati, Copagri Salerno and the III Didactic Circle of Scafati.<br>From the editorial staff and from Italy a warm and heartfelt thanks to the prestigious &#8222;Taurinense&#8220; Logistics Regiment and to all the Italian soldiers stationed in the Land of the Cedars, who with their continuous and active presence remind us all&nbsp;of the beauty of cooperation and solidarity between peoples.<\/p>\n<\/div><\/div><\/div><\/div><\/div><\/div>","protected":false},"excerpt":{"rendered":"<p>Ein Bericht der italienischen Zeitung \u201eMezzo Stampa\u201c \u2013 www.mezzostampa.it Si&#8230;<\/p>","protected":false},"author":1,"featured_media":0,"comment_status":"closed","ping_status":"open","sticky":false,"template":"","format":"standard","meta":{"_coblocks_attr":"","_coblocks_dimensions":"","_coblocks_responsive_height":"","_coblocks_accordion_ie_support":"","_kadence_starter_templates_imported_post":false,"_kad_post_transparent":"","_kad_post_title":"","_kad_post_layout":"","_kad_post_sidebar_id":"","_kad_post_content_style":"","_kad_post_vertical_padding":"","_kad_post_feature":"","_kad_post_feature_position":"","_kad_post_header":false,"_kad_post_footer":false,"footnotes":""},"categories":[14],"tags":[],"class_list":["post-1406","post","type-post","status-publish","format-standard","hentry","category-landerberichte"],"featured_image_urls":{"full":"","thumbnail":"","medium":"","medium_large":"","large":"","1536x1536":"","2048x2048":"","trp-custom-language-flag":"","ab-block-post-grid-landscape":"","ab-block-post-grid-square":""},"post_excerpt_stackable":"<p>Ein Bericht der italienischen Zeitung \u201eMezzo Stampa\u201c \u2013 www.mezzostampa.it \u00a9mezzostampa.it\u00a9mezzostampa.it Gli Angeli della \u201eTaurinense\u201d a supporto della popolazione libanese Si \u00e8 svolta nei giorni scorsi la donazione di materiali per l\u2019infanzia a supporto del Social Development Center di Ayta Ash Sha\u2019b, nell&#8217;ambito della campagna \u201cTogether Against Covid\u201d portata avanti dai peacekeepers del Sector West di Unifil.&nbsp;I materiali, veicolati nel sud del Libano dal Reggimento Logistico \u201cTaurinense\u201d, hanno consentito di incrementare le azioni di supporto che il contingente italiano della Missione UNIFIL sta sviluppando a favore della popolazione. I caschi blu italiani della Brigata Alpina \u201cTaurinense\u201d, nel&nbsp;corso della donazione hanno voluto&hellip;<\/p>\n","category_list":"<a href=\"https:\/\/www.oeda.eu\/en\/category\/landerberichte\/\" rel=\"category tag\">L\u00e4nderberichte<\/a>","author_info":{"display_name":"oeda","author_link":"https:\/\/www.oeda.eu\/en\/author\/oeda\/"},"comments_num":"0 comments","featured_image_urls_v2":{"full":"","thumbnail":"","medium":"","medium_large":"","large":"","1536x1536":"","2048x2048":"","trp-custom-language-flag":"","ab-block-post-grid-landscape":"","ab-block-post-grid-square":""},"post_excerpt_stackable_v2":"<p>Ein Bericht der italienischen Zeitung \u201eMezzo Stampa\u201c \u2013 www.mezzostampa.it \u00a9mezzostampa.it\u00a9mezzostampa.it Gli Angeli della \u201eTaurinense\u201d a supporto della popolazione libanese Si \u00e8 svolta nei giorni scorsi la donazione di materiali per l\u2019infanzia a supporto del Social Development Center di Ayta Ash Sha\u2019b, nell&#8217;ambito della campagna \u201cTogether Against Covid\u201d portata avanti dai peacekeepers del Sector West di Unifil.&nbsp;I materiali, veicolati nel sud del Libano dal Reggimento Logistico \u201cTaurinense\u201d, hanno consentito di incrementare le azioni di supporto che il contingente italiano della Missione UNIFIL sta sviluppando a favore della popolazione. I caschi blu italiani della Brigata Alpina \u201cTaurinense\u201d, nel&nbsp;corso della donazione hanno voluto&hellip;<\/p>\n","category_list_v2":"<a href=\"https:\/\/www.oeda.eu\/en\/category\/landerberichte\/\" rel=\"category tag\">L\u00e4nderberichte<\/a>","author_info_v2":{"name":"oeda","url":"https:\/\/www.oeda.eu\/en\/author\/oeda\/"},"comments_num_v2":"0 comments","featured_image_src":null,"featured_image_src_square":null,"_links":{"self":[{"href":"https:\/\/www.oeda.eu\/en\/wp-json\/wp\/v2\/posts\/1406","targetHints":{"allow":["GET"]}}],"collection":[{"href":"https:\/\/www.oeda.eu\/en\/wp-json\/wp\/v2\/posts"}],"about":[{"href":"https:\/\/www.oeda.eu\/en\/wp-json\/wp\/v2\/types\/post"}],"author":[{"embeddable":true,"href":"https:\/\/www.oeda.eu\/en\/wp-json\/wp\/v2\/users\/1"}],"replies":[{"embeddable":true,"href":"https:\/\/www.oeda.eu\/en\/wp-json\/wp\/v2\/comments?post=1406"}],"version-history":[{"count":13,"href":"https:\/\/www.oeda.eu\/en\/wp-json\/wp\/v2\/posts\/1406\/revisions"}],"predecessor-version":[{"id":1425,"href":"https:\/\/www.oeda.eu\/en\/wp-json\/wp\/v2\/posts\/1406\/revisions\/1425"}],"wp:attachment":[{"href":"https:\/\/www.oeda.eu\/en\/wp-json\/wp\/v2\/media?parent=1406"}],"wp:term":[{"taxonomy":"category","embeddable":true,"href":"https:\/\/www.oeda.eu\/en\/wp-json\/wp\/v2\/categories?post=1406"},{"taxonomy":"post_tag","embeddable":true,"href":"https:\/\/www.oeda.eu\/en\/wp-json\/wp\/v2\/tags?post=1406"}],"curies":[{"name":"wp","href":"https:\/\/api.w.org\/{rel}","templated":true}]}}